{"id":89,"date":"2025-06-13T11:30:39","date_gmt":"2025-06-13T11:30:39","guid":{"rendered":"https:\/\/final-ik.com\/portal\/?p=89"},"modified":"2025-06-13T11:30:39","modified_gmt":"2025-06-13T11:30:39","slug":"is-hayatinin-yol-haritasi-2025-yilinda-calisan-iliskileri-ve-is-hukuku-hakkinda-bilmeniz-gereken-her-sey","status":"publish","type":"post","link":"https:\/\/final-ik.com\/portal\/is-hayatinin-yol-haritasi-2025-yilinda-calisan-iliskileri-ve-is-hukuku-hakkinda-bilmeniz-gereken-her-sey\/","title":{"rendered":"\u0130\u015f Hayat\u0131n\u0131n Yol Haritas\u0131: 2025 Y\u0131l\u0131nda \u00c7al\u0131\u015fan \u0130li\u015fkileri ve \u0130\u015f Hukuku Hakk\u0131nda Bilmeniz Gereken Her \u015eey"},"content":{"rendered":"<h3 data-sourcepos=\"12:1-12:58\"><strong>1. \u0130\u015f \u0130li\u015fkisinin Temeli: \u0130\u015f S\u00f6zle\u015fmesi ve T\u00fcrleri<\/strong><\/h3>\n<p data-sourcepos=\"14:1-14:258\">Her profesyonel ili\u015fkinin ba\u015flang\u0131c\u0131 yaz\u0131l\u0131 veya s\u00f6zl\u00fc bir anla\u015fmad\u0131r. \u0130\u015f Hukuku&#8217;nda bu anla\u015fmaya <strong>i\u015f s\u00f6zle\u015fmesi<\/strong> denir. \u0130\u015f s\u00f6zle\u015fmesi, \u00e7al\u0131\u015fan\u0131n i\u015fverene ba\u011f\u0131ml\u0131 olarak i\u015f g\u00f6rmeyi, i\u015fverenin ise bu i\u015f kar\u015f\u0131l\u0131\u011f\u0131nda \u00fccret \u00f6demeyi \u00fcstlendi\u011fi bir s\u00f6zle\u015fmedir.<\/p>\n<ul data-sourcepos=\"16:1-18:0\">\n<li data-sourcepos=\"16:1-16:175\"><strong>Belirli S\u00fcreli \u0130\u015f S\u00f6zle\u015fmesi:<\/strong> Hangi i\u015fin ne kadar s\u00fcrede bitece\u011fi belli olan durumlarda (\u00f6rne\u011fin, bir proje i\u00e7in) yap\u0131l\u0131r. Esasl\u0131 bir neden olmad\u0131k\u00e7a \u00fcst \u00fcste yap\u0131lamaz.<\/li>\n<li data-sourcepos=\"17:1-18:0\"><strong>Belirsiz S\u00fcreli \u0130\u015f S\u00f6zle\u015fmesi:<\/strong> En yayg\u0131n s\u00f6zle\u015fme t\u00fcr\u00fcd\u00fcr ve i\u015f ili\u015fkisinin ne zaman bitece\u011fi ba\u015flang\u0131\u00e7ta belli de\u011fildir. \u00c7al\u0131\u015fan\u0131n i\u015f g\u00fcvencesi haklar\u0131 bu s\u00f6zle\u015fme t\u00fcr\u00fcnde daha geni\u015ftir.<br \/>\n<h3 data-sourcepos=\"21:1-21:72\"><strong>2. \u00c7al\u0131\u015fma D\u00fczeni: \u00c7al\u0131\u015fma Saatleri, Fazla Mesai ve \u0130zin Haklar\u0131<\/strong><\/h3>\n<p data-sourcepos=\"23:1-23:124\">Sa\u011fl\u0131kl\u0131 bir i\u015f-ya\u015fam dengesi i\u00e7in \u00e7al\u0131\u015fma d\u00fczeni kritik \u00f6neme sahiptir. Kanunlar bu d\u00fczeni net s\u0131n\u0131rlar i\u00e7erisine alm\u0131\u015ft\u0131r.<\/p>\n<ul data-sourcepos=\"25:1-31:0\">\n<li data-sourcepos=\"25:1-25:159\"><strong>Haftal\u0131k \u00c7al\u0131\u015fma S\u00fcresi:<\/strong> T\u00fcrkiye&#8217;de yasal haftal\u0131k \u00e7al\u0131\u015fma s\u00fcresi en fazla <strong>45 saattir<\/strong>. Bu s\u00fcre, haftan\u0131n \u00e7al\u0131\u015f\u0131lan g\u00fcnlerine e\u015fit olarak b\u00f6l\u00fcnebilir.<\/li>\n<li data-sourcepos=\"26:1-26:284\"><strong>Fazla Mesai:<\/strong> Haftal\u0131k 45 saati a\u015fan her \u00e7al\u0131\u015fma, fazla mesai say\u0131l\u0131r. Fazla mesai \u00fccreti, normal saatlik \u00fccretin <strong>%50 zaml\u0131<\/strong> olarak \u00f6denmelidir. Resmi tatillerde yap\u0131lan \u00e7al\u0131\u015fmalar i\u00e7in bu oran <strong>%100&#8217;d\u00fcr<\/strong>. \u00c7al\u0131\u015fan\u0131n fazla mesai yapmas\u0131 i\u00e7in yaz\u0131l\u0131 onay\u0131n\u0131n al\u0131nmas\u0131 esast\u0131r.<\/li>\n<li data-sourcepos=\"27:1-31:0\"><strong>Y\u0131ll\u0131k \u00dccretli \u0130zin:<\/strong> Bir \u00e7al\u0131\u015fan\u0131n en temel dinlenme hakk\u0131d\u0131r. Deneme s\u00fcresi dahil en az 1 y\u0131l \u00e7al\u0131\u015fm\u0131\u015f olan i\u015f\u00e7iler y\u0131ll\u0131k izne hak kazan\u0131r. \u0130zin s\u00fcreleri \u00e7al\u0131\u015fan\u0131n hizmet s\u00fcresine (k\u0131demine) g\u00f6re \u015fu \u015fekildedir:\n<ul data-sourcepos=\"28:5-31:0\">\n<li data-sourcepos=\"28:5-28:53\">1 y\u0131ldan 5 y\u0131la kadar (5 y\u0131l dahil): <strong>14 g\u00fcn<\/strong><\/li>\n<li data-sourcepos=\"29:5-29:45\">5 y\u0131ldan fazla 15 y\u0131ldan az: <strong>20 g\u00fcn<\/strong><\/li>\n<li data-sourcepos=\"30:5-31:0\">15 y\u0131l ve daha fazla: <strong>26 g\u00fcn<\/strong><\/li>\n<li data-sourcepos=\"30:5-31:0\">\n<h3 data-sourcepos=\"34:1-34:64\"><strong>3. \u0130\u015f \u0130li\u015fkisinin Sona Ermesi: Fesih ve Tazminat Haklar\u0131<\/strong><\/h3>\n<p data-sourcepos=\"36:1-36:139\">\u0130\u015f ili\u015fkisinin sonlanmas\u0131, en \u00e7ok anla\u015fmazl\u0131\u011f\u0131n ya\u015fand\u0131\u011f\u0131 aland\u0131r. S\u00fcrecin do\u011fru y\u00f6netilmesi, taraflar\u0131 uzun ve maliyetli davalardan korur.<\/p>\n<ul data-sourcepos=\"38:1-43:0\">\n<li data-sourcepos=\"38:1-40:226\"><strong>\u0130\u015f S\u00f6zle\u015fmesinin Feshi:<\/strong> Fesih, i\u015fveren veya \u00e7al\u0131\u015fan taraf\u0131ndan ger\u00e7ekle\u015ftirilebilir.\n<ul data-sourcepos=\"39:5-40:226\">\n<li data-sourcepos=\"39:5-39:235\"><strong>Ge\u00e7erli Nedenle Fesih (\u0130\u015fveren Taraf\u0131ndan):<\/strong> \u0130\u015f\u00e7inin yetersizli\u011fi, davran\u0131\u015flar\u0131 veya i\u015fyerinin gerekliliklerinden kaynaklanan sebeplerle yap\u0131labilir. Bu durumda i\u015fveren, \u00e7al\u0131\u015fana k\u0131dem ve ihbar tazminat\u0131n\u0131 \u00f6demekle y\u00fck\u00fcml\u00fcd\u00fcr.<\/li>\n<li data-sourcepos=\"40:5-40:226\"><strong>Hakl\u0131 Nedenle Derhal Fesih (\u0130\u015f\u00e7i veya \u0130\u015fveren):<\/strong> Ahlak ve iyi niyet kurallar\u0131na uymayan haller (h\u0131rs\u0131zl\u0131k, hakaret, i\u015fe gelmeme vb.) gibi durumlarda, di\u011fer tarafa s\u00f6zle\u015fmeyi derhal ve tazminats\u0131z feshetme hakk\u0131 tan\u0131r.<\/li>\n<\/ul>\n<\/li>\n<li data-sourcepos=\"41:1-41:214\"><strong>K\u0131dem Tazminat\u0131:<\/strong> En az 1 y\u0131l \u00e7al\u0131\u015fm\u0131\u015f bir i\u015f\u00e7inin, kanunda belirtilen nedenlerle i\u015ften ayr\u0131lmas\u0131 durumunda hak kazand\u0131\u011f\u0131 bir tazminatt\u0131r. Her bir y\u0131ll\u0131k \u00e7al\u0131\u015fma i\u00e7in <strong>30 g\u00fcnl\u00fck br\u00fct \u00fccret<\/strong> tutar\u0131nda \u00f6denir.<\/li>\n<li data-sourcepos=\"42:1-43:0\"><strong>\u0130hbar Tazminat\u0131:<\/strong> \u0130\u015f s\u00f6zle\u015fmesini kanunda belirtilen bildirim s\u00fcrelerine uymadan fesheden taraf\u0131n, di\u011fer tarafa \u00f6demesi gereken tazminatt\u0131r. S\u00fcreler, \u00e7al\u0131\u015fan\u0131n k\u0131demine g\u00f6re 2 ila 8 hafta aras\u0131nda de\u011fi\u015fir.<\/li>\n<li data-sourcepos=\"42:1-43:0\">\n<h3 data-sourcepos=\"46:1-46:78\"><strong>4. Sa\u011fl\u0131kl\u0131 ve G\u00fcvenli \u00c7al\u0131\u015fma Ortam\u0131: Mobbing ve \u0130\u015f Sa\u011fl\u0131\u011f\u0131 G\u00fcvenli\u011fi<\/strong><\/h3>\n<p data-sourcepos=\"48:1-48:118\">\u0130\u015fveren, \u00e7al\u0131\u015fan\u0131n sadece \u00fccretini \u00f6demekle de\u011fil, ayn\u0131 zamanda onun sa\u011fl\u0131\u011f\u0131n\u0131 ve g\u00fcvenli\u011fini korumakla da y\u00fck\u00fcml\u00fcd\u00fcr.<\/p>\n<ul data-sourcepos=\"50:1-52:0\">\n<li data-sourcepos=\"50:1-50:268\"><strong>\u0130\u015f Sa\u011fl\u0131\u011f\u0131 ve G\u00fcvenli\u011fi (\u0130SG):<\/strong> \u0130\u015fveren, i\u015fyerinde olu\u015fabilecek riskleri analiz etmeli, gerekli t\u00fcm \u00f6nlemleri almal\u0131 ve \u00e7al\u0131\u015fanlara bu konuda e\u011fitim vermelidir. Bir <strong>i\u015f kazas\u0131<\/strong> meydana gelmesi durumunda, i\u015fverenin ciddi hukuki ve cezai sorumluluklar\u0131 do\u011fabilir.<\/li>\n<li data-sourcepos=\"51:1-52:0\"><strong>Mobbing (Psikolojik Taciz):<\/strong> Bir veya birden fazla ki\u015fi taraf\u0131ndan di\u011fer bir ki\u015fiye y\u00f6nelik sistematik olarak uygulanan y\u0131ld\u0131rma, pasifize etme veya i\u015ften uzakla\u015ft\u0131rma ama\u00e7l\u0131 psikolojik bask\u0131d\u0131r. Mobbing, Yarg\u0131tay kararlar\u0131yla ispatland\u0131\u011f\u0131nda \u00e7al\u0131\u015fan i\u00e7in <strong>hakl\u0131 nedenle fesih<\/strong> hakk\u0131 do\u011furur ve manevi tazminat talep edilebilir.<\/li>\n<li data-sourcepos=\"51:1-52:0\">\n<p data-sourcepos=\"55:1-55:10\"><strong>Sonu\u00e7:<\/strong><\/p>\n<p data-sourcepos=\"57:1-57:390\">\u00c7al\u0131\u015fan ili\u015fkileri ve \u0130\u015f Hukuku, dinamik ve detayl\u0131 bir aland\u0131r. Hem \u00e7al\u0131\u015fanlar\u0131n haklar\u0131n\u0131 bilerek kendilerini g\u00fcvende hissetmeleri hem de i\u015fverenlerin yasalara uyarak s\u00fcrd\u00fcr\u00fclebilir bir i\u015f ortam\u0131 kurmalar\u0131, bu temel bilgilere hakim olmaktan ge\u00e7er. Unutmay\u0131n ki, bilgi en b\u00fcy\u00fck g\u00fc\u00e7t\u00fcr ve do\u011fru ad\u0131mlar at\u0131ld\u0131\u011f\u0131nda, i\u015f ili\u015fkileri bir \u00e7at\u0131\u015fma alan\u0131 de\u011fil, ortak bir ba\u015far\u0131 hikayesi olabilir.<\/p>\n<p data-sourcepos=\"59:1-59:124\"><strong>Daha fazla bilgi, dan\u0131\u015fmanl\u0131k veya \u0130K s\u00fcre\u00e7lerinizde profesyonel destek i\u00e7in final-ik.com olarak her zaman yan\u0131n\u0131zday\u0131z.<\/strong><\/p>\n<\/li>\n<\/ul>\n<\/li>\n<\/ul>\n<\/li>\n<\/ul>\n<\/li>\n<\/ul>\n<\/li>\n<\/ul>\n","protected":false},"excerpt":{"rendered":"<p>1. \u0130\u015f \u0130li\u015fkisinin Temeli: \u0130\u015f S\u00f6zle\u015fmesi ve T\u00fcrleri Her profesyonel ili\u015fkinin ba\u015flang\u0131c\u0131 yaz\u0131l\u0131 veya s\u00f6zl\u00fc bir anla\u015fmad\u0131r. \u0130\u015f Hukuku&#8217;nda bu anla\u015fmaya i\u015f s\u00f6zle\u015fmesi denir. \u0130\u015f s\u00f6zle\u015fmesi, \u00e7al\u0131\u015fan\u0131n i\u015fverene ba\u011f\u0131ml\u0131 olarak i\u015f g\u00f6rmeyi, i\u015fverenin ise bu i\u015f kar\u015f\u0131l\u0131\u011f\u0131nda \u00fccret \u00f6demeyi \u00fcstlendi\u011fi bir s\u00f6zle\u015fmedir. Belirli S\u00fcreli \u0130\u015f S\u00f6zle\u015fmesi: Hangi i\u015fin ne kadar s\u00fcrede bitece\u011fi belli olan durumlarda [&hellip;]<\/p>\n","protected":false},"author":1,"featured_media":90,"comment_status":"open","ping_status":"open","sticky":false,"template":"","format":"standard","meta":{"om_disable_all_campaigns":false,"inline_featured_image":false,"_monsterinsights_skip_tracking":false,"_monsterinsights_sitenote_active":false,"_monsterinsights_sitenote_note":"","_monsterinsights_sitenote_category":0,"footnotes":""},"categories":[121],"tags":[141,142,144,150,146,153,155,162,161,143,156,157,163,159,154,149,160,147,151,148,145,140,152,158],"class_list":["post-89","post","type-post","status-publish","format-standard","has-post-thumbnail","hentry","category-calisan-iliskileri-ve-is-hukuku","tag-belirli-sureli-is-sozlesmesi","tag-belirsiz-sureli-is-sozlesmesi","tag-deneme-suresi","tag-dogum-izni","tag-fazla-mesai-ucreti-hesaplama-2025","tag-hakli-nedenle-fesih","tag-ihbar-tazminati-nedir","tag-is-kazasi-sonrasi-haklar","tag-is-sagligi-ve-guvenligi-kanunu","tag-is-sozlesmesi-yaparken-dikkat-edilmesi-gerekenler","tag-ise-iade-davasi","tag-istifa-ederken-tazminat-alinir-mi","tag-isverenin-sorumluluklar","tag-isyerinde-mobbing-kanitlari","tag-kidem-tazminati-hesaplama","tag-kullanilmayan-yillik-izin-hakki","tag-mobbing-davasi","tag-resmi-tatil-mesaisi","tag-ucretsiz-izin","tag-yillik-izin-sureleri","tag-haftalik-calisma-saati","tag-is-sozlesmesi-nedir","tag-isten-cikarma","tag-mobbing-nedir"],"aioseo_notices":[],"_links":{"self":[{"href":"https:\/\/final-ik.com\/portal\/wp-json\/wp\/v2\/posts\/89","targetHints":{"allow":["GET"]}}],"collection":[{"href":"https:\/\/final-ik.com\/portal\/wp-json\/wp\/v2\/posts"}],"about":[{"href":"https:\/\/final-ik.com\/portal\/wp-json\/wp\/v2\/types\/post"}],"author":[{"embeddable":true,"href":"https:\/\/final-ik.com\/portal\/wp-json\/wp\/v2\/users\/1"}],"replies":[{"embeddable":true,"href":"https:\/\/final-ik.com\/portal\/wp-json\/wp\/v2\/comments?post=89"}],"version-history":[{"count":0,"href":"https:\/\/final-ik.com\/portal\/wp-json\/wp\/v2\/posts\/89\/revisions"}],"wp:featuredmedia":[{"embeddable":true,"href":"https:\/\/final-ik.com\/portal\/wp-json\/wp\/v2\/media\/90"}],"wp:attachment":[{"href":"https:\/\/final-ik.com\/portal\/wp-json\/wp\/v2\/media?parent=89"}],"wp:term":[{"taxonomy":"category","embeddable":true,"href":"https:\/\/final-ik.com\/portal\/wp-json\/wp\/v2\/categories?post=89"},{"taxonomy":"post_tag","embeddable":true,"href":"https:\/\/final-ik.com\/portal\/wp-json\/wp\/v2\/tags?post=89"}],"curies":[{"name":"wp","href":"https:\/\/api.w.org\/{rel}","templated":true}]}}